{"id":3219,"date":"2023-02-02T15:56:42","date_gmt":"2023-02-02T15:56:42","guid":{"rendered":"https:\/\/damianzurowski.com\/?p=3219"},"modified":"2024-08-27T07:52:10","modified_gmt":"2024-08-27T07:52:10","slug":"masias-y-fincas-para-bodas-en-valencia","status":"publish","type":"post","link":"https:\/\/damianzurowski.com\/es\/masias-y-fincas-para-bodas-en-valencia\/","title":{"rendered":"30 Mejores Mas\u00edas y Fincas para Bodas en Valencia"},"content":{"rendered":"\n<h2 class=\"wp-block-heading\">Las 30 mejores mas\u00edas y fincas para bodas en Valencia<\/h2>\n\n\n\n<p>Si est\u00e1s buscando el lugar perfecto para celebrar tu boda en Valencia, est\u00e1s en el lugar correcto. Tras a\u00f1os de experiencia en el sector he recopilado las 30 mejores mas\u00edas de bodas en Valencia para que puedas elegir la que mejor se adapte a tus necesidades y estilo. Desde mas\u00edas tradicionales hasta espacios m\u00e1s modernos y vanguardistas, cada una de ellas ofrece un encanto \u00fanico que la hace ideal para diferentes gustos y estilos.<\/p>\n\n\n\n<h2 class=\"wp-block-heading\">1. El Telar de Miguel Mart\u00ed<\/h2>\n\n\n\n<p>El chef valenciano Miguel Mart\u00ed ha restaurado un antiguo telar medieval construido sobre la acequia madre de Moncada, que data del siglo XII y estuvo en funcionamiento hasta el siglo XIX. <\/p>\n\n\n\n<p>El Telar de Miguel Mart\u00ed cuenta con un espacio restaurado y equipado con materiales de alta calidad, incluyendo una preinstalaci\u00f3n audiovisual de alta tecnolog\u00eda y puntos de recarga para veh\u00edculos el\u00e9ctricos. El sal\u00f3n puede albergar hasta 460 comensales en formato de cena de gala y cuenta con una zona de jard\u00edn con piscina y porche, sal\u00f3n Telar y un patio trasero con invernadero perfecto para un c\u00f3ctel en el exterior. Sin duda, es uno de los sitios m\u00e1s elegantes de esta lista.<\/p>\n\n\n\n<p>Adem\u00e1s, su punto fuerte es la cocina. Elaborada en exclusiva por el chef Miguel Mart\u00ed y su equipo gastron\u00f3mico. El servicio est\u00e1 totalmente centrado en el desarrollo del evento y es capaz de adaptarse a los cambios y nuevas tendencias. La filosof\u00eda de la cocina de Miguel Mart\u00ed se basa en la temporada, tradici\u00f3n, innovaci\u00f3n, creatividad y calidad.<\/p>\n\n\n\n<p><a href=\"https:\/\/damianzurowski.com\/es\/gallery\/boda-judia-en-telar-de-miguel-marti\/\">Puedes ver una boda real en El Telar de Miguel Mart\u00ed <\/a><a href=\"https:\/\/damianzurowski.com\/gallery\/boda-judia-en-telar-de-miguel-marti\/\">pulsando <\/a><a href=\"https:\/\/damianzurowski.com\/es\/gallery\/boda-judia-en-telar-de-miguel-marti\/\">aqu\u00ed.<\/a><\/p>\n\n\n<div class=\"wp-block-image\">\n<figure class=\"aligncenter size-large is-resized\"><img loading=\"lazy\" decoding=\"async\" width=\"1024\" height=\"683\" src=\"https:\/\/damianzurowski.com\/wp-content\/uploads\/2023\/01\/telar-de-miguel-marti-exterior-ceremony-setup-01-1024x683.jpeg\" alt=\"\" class=\"wp-image-3121\" style=\"aspect-ratio:4\/3;object-fit:cover;width:913px\" srcset=\"https:\/\/damianzurowski.com\/wp-content\/uploads\/2023\/01\/telar-de-miguel-marti-exterior-ceremony-setup-01-1024x683.jpeg 1024w, https:\/\/damianzurowski.com\/wp-content\/uploads\/2023\/01\/telar-de-miguel-marti-exterior-ceremony-setup-01-300x200.jpeg 300w, https:\/\/damianzurowski.com\/wp-content\/uploads\/2023\/01\/telar-de-miguel-marti-exterior-ceremony-setup-01-768x512.jpeg 768w, https:\/\/damianzurowski.com\/wp-content\/uploads\/2023\/01\/telar-de-miguel-marti-exterior-ceremony-setup-01-1536x1024.jpeg 1536w, https:\/\/damianzurowski.com\/wp-content\/uploads\/2023\/01\/telar-de-miguel-marti-exterior-ceremony-setup-01-2048x1365.jpeg 2048w\" sizes=\"auto, (max-width: 1024px) 100vw, 1024px\" \/><figcaption class=\"wp-element-caption\">El Telar de Miguel Mart\u00ed<\/figcaption><\/figure>\n<\/div>\n\n\n<h2 class=\"wp-block-heading\">2. La Cartuja de Ara Christi<\/h2>\n\n\n\n<p><a href=\"https:\/\/gourmetcatering.es\/bodas\/cartuja-de-ara-christi\" rel=\"nofollow noopener\" target=\"_blank\">El Monasterio de La Cartuja de Ara Christi<\/a> es un monumento hist\u00f3rico construido en el siglo XVII y protegido por Patrimonio, declarado Bien de Inter\u00e9s Cultural en la Comunidad Valenciana. Es uno de los espacios m\u00e1s exclusivos para eventos sociales y es gestionado en exclusiva por Gourmet Catering &amp; Espacios.<\/p>\n\n\n\n<p>La Cartuja est\u00e1 rodeada de jardines y cuenta con seis espacios adaptables para diferentes necesidades y gustos de los clientes. Adem\u00e1s, cuenta con la antigua Casa del Prior con habitaciones para alojamiento de los invitados durante la noche de la celebraci\u00f3n. La Cartuja de Ara Christi es un espacio \u00fanico e hist\u00f3rico que ha sido adaptado a lo largo de los a\u00f1os para ofrecer un espacio ideal para hacer de ese d\u00eda especial algo inolvidable e irrepetible. Y queda espectacular por la noche.<\/p>\n\n\n<div class=\"wp-block-image\">\n<figure class=\"aligncenter size-full\"><img loading=\"lazy\" decoding=\"async\" width=\"960\" height=\"640\" src=\"https:\/\/damianzurowski.com\/wp-content\/uploads\/2023\/02\/cartuja-de-ara-christi.jpeg\" alt=\"\" class=\"wp-image-3231\" srcset=\"https:\/\/damianzurowski.com\/wp-content\/uploads\/2023\/02\/cartuja-de-ara-christi.jpeg 960w, https:\/\/damianzurowski.com\/wp-content\/uploads\/2023\/02\/cartuja-de-ara-christi-300x200.jpeg 300w, https:\/\/damianzurowski.com\/wp-content\/uploads\/2023\/02\/cartuja-de-ara-christi-768x512.jpeg 768w\" sizes=\"auto, (max-width: 960px) 100vw, 960px\" \/><figcaption class=\"wp-element-caption\">La Cartuja de Ara Christi<\/figcaption><\/figure>\n<\/div>\n\n\n<blockquote class=\"wp-block-quote is-layout-flow wp-block-quote-is-layout-flow\">\n<p><\/p>\n<cite>Estas viendo uno de los lugares m\u00e1s bonitos para casarte en Valencia, pero tienes un fot\u00f3grafo de bodas que puede aprovecharles para sacarte las mejores fotos posibles? Soy un fot\u00f3grafo de bodas profesional que se especializa en la creaci\u00f3n de impresionantes im\u00e1genes de bodas en Valencia. Tanto si quieres una sesi\u00f3n rom\u00e1ntica al atardecer o un estilo documental c\u00e1ndido, o una mezcla creativa de ambos, puedo hacerlo realidad. <a href=\"https:\/\/damianzurowski.com\/contacto\/\" data-type=\"URL\" data-id=\"https:\/\/damianzurowski.com\/contacto\/\">No pierdas la oportunidad de trabajar conmigo y conseguir las fotos de boda que te mereces.<\/a><\/cite><\/blockquote>\n\n\n\n<p><\/p>\n\n\n\n<figure class=\"wp-block-embed alignwide is-type-video is-provider-youtube wp-block-embed-youtube wp-embed-aspect-16-9 wp-has-aspect-ratio\"><div class=\"wp-block-embed__wrapper\">\n<iframe loading=\"lazy\" title=\"Fot\u00f3grafo de Bodas - Damian Zurowski | Fotograf\u00eda Natural Sin Poses\" width=\"640\" height=\"360\" src=\"https:\/\/www.youtube.com\/embed\/wAYPpd4KHJY?feature=oembed\" frameborder=\"0\" allow=\"accelerometer; autoplay; clipboard-write; encrypted-media; gyroscope; picture-in-picture; web-share\" referrerpolicy=\"strict-origin-when-cross-origin\" allowfullscreen><\/iframe>\n<\/div><\/figure>\n\n\n\n<p><\/p>\n\n\n\n<h2 class=\"wp-block-heading\">3. Finca del Can\u00f3nigo<\/h2>\n\n\n\n<p><a href=\"https:\/\/damianzurowski.com\/gallery\/elegant-wedding-finca-canonigo\/\">Finca del Can\u00f3nigo<\/a> es un espacio ideal para celebrar bodas y eventos elegantes. Ofrece un ambiente acogedor y encantador que har\u00e1 que tu boda sea inolvidable. Con el equipo de profesionales de Miguel Mart\u00ed Gastronom\u00eda, podr\u00e1s tener una celebraci\u00f3n totalmente personalizada y con todos los detalles perfectamente planificados.<\/p>\n\n\n\n<p>La finca cuenta con precioso espacio interior y exterior que pueden ser utilizados para diferentes eventos en tu boda. Desde una ceremonia rom\u00e1ntica al aire libre hasta un banquete elegante en el amplio y vers\u00e1til sal\u00f3n interior, Finca del Can\u00f3nigo ofrece una amplia variedad de opciones.<\/p>\n\n\n\n<p>Con un entorno impresionante y servicios de primera clase, Finca del Can\u00f3nigo es la elecci\u00f3n perfecta para una boda inolvidable.<\/p>\n\n\n\n<p><a href=\"https:\/\/damianzurowski.com\/gallery\/boda-elegante-en-finca-del-canonigo\/\">Haz click para ver una boda real en la Finca del Can\u00f3nigo.<\/a><\/p>\n\n\n<div class=\"wp-block-image\">\n<figure class=\"aligncenter size-large is-resized\"><a href=\"https:\/\/damianzurowski.com\/gallery\/elegant-wedding-finca-canonigo\/\"><img loading=\"lazy\" decoding=\"async\" width=\"1024\" height=\"683\" src=\"https:\/\/damianzurowski.com\/wp-content\/uploads\/2022\/09\/wedding-venue-setup-finca-del-canonigo-valencia-1024x683.jpeg\" alt=\"\" class=\"wp-image-1408\" style=\"aspect-ratio:4\/3;object-fit:cover;width:910px\" srcset=\"https:\/\/damianzurowski.com\/wp-content\/uploads\/2022\/09\/wedding-venue-setup-finca-del-canonigo-valencia-1024x683.jpeg 1024w, https:\/\/damianzurowski.com\/wp-content\/uploads\/2022\/09\/wedding-venue-setup-finca-del-canonigo-valencia-300x200.jpeg 300w, https:\/\/damianzurowski.com\/wp-content\/uploads\/2022\/09\/wedding-venue-setup-finca-del-canonigo-valencia-768x512.jpeg 768w, https:\/\/damianzurowski.com\/wp-content\/uploads\/2022\/09\/wedding-venue-setup-finca-del-canonigo-valencia-1536x1024.jpeg 1536w, https:\/\/damianzurowski.com\/wp-content\/uploads\/2022\/09\/wedding-venue-setup-finca-del-canonigo-valencia-2048x1365.jpeg 2048w\" sizes=\"auto, (max-width: 1024px) 100vw, 1024px\" \/><\/a><figcaption class=\"wp-element-caption\">Finca del Can\u00f3nigo<\/figcaption><\/figure>\n<\/div>\n\n\n<h2 class=\"wp-block-heading\">4. Mas de Alzedo<\/h2>\n\n\n\n<p><a href=\"https:\/\/www.instagram.com\/masdealzedo\/?hl=en\" target=\"_blank\" rel=\"noreferrer noopener\">Mas de Alzedo<\/a> es una finca del siglo XVIII con un encanto especial que ofrece todas las comodidades para una boda perfecta. Su arquitectura y belleza natural est\u00e1n reforzadas por el cuidado detalle de la decoraci\u00f3n y puesta en escena por parte de Cocotte Catering. <\/p>\n\n\n\n<p>La finca cuenta con varios espacios interiores y exteriores, incluyendo amplios jardines y un patio exterior, para ambientar la ceremonia, el c\u00f3ctel y el banquete. Tambi\u00e9n cuenta con cuatro espacios interiores diferenciados, incluyendo el Patio del Reloj, el Sal\u00f3n de los Espejos, el Mirador y la Zona de Fiesta, que son perfectos para todas las condiciones clim\u00e1ticas. Adem\u00e1s, cuenta con un servicio de banquete personalizado para adaptarse a las necesidades de los clientes. <\/p>\n\n\n\n<p><a href=\"https:\/\/damianzurowski.com\/gallery\/boda-exterior-de-verano-en-mas-de-alzedo\/\">Si quieres ver una boda real en Mas de Alzedo, pulsa aqu\u00ed.<\/a><\/p>\n\n\n\n<figure class=\"wp-block-image size-large is-resized\"><img loading=\"lazy\" decoding=\"async\" width=\"1024\" height=\"682\" src=\"https:\/\/damianzurowski.com\/wp-content\/uploads\/2023\/02\/mas-de-alzedo-1024x682.jpg\" alt=\"\" class=\"wp-image-3235\" style=\"aspect-ratio:4\/3;object-fit:cover;width:897px\" srcset=\"https:\/\/damianzurowski.com\/wp-content\/uploads\/2023\/02\/mas-de-alzedo-1024x682.jpg 1024w, https:\/\/damianzurowski.com\/wp-content\/uploads\/2023\/02\/mas-de-alzedo-300x200.jpg 300w, https:\/\/damianzurowski.com\/wp-content\/uploads\/2023\/02\/mas-de-alzedo-768x512.jpg 768w, https:\/\/damianzurowski.com\/wp-content\/uploads\/2023\/02\/mas-de-alzedo-1536x1024.jpg 1536w, https:\/\/damianzurowski.com\/wp-content\/uploads\/2023\/02\/mas-de-alzedo.jpg 2000w\" sizes=\"auto, (max-width: 1024px) 100vw, 1024px\" \/><figcaption class=\"wp-element-caption\">Mas de Alzedo<\/figcaption><\/figure>\n\n\n\n<h2 class=\"wp-block-heading\">5. Casa Santonja<\/h2>\n\n\n\n<p>Adem\u00e1s de ofrecer un espacio impresionante, <a href=\"https:\/\/www.instagram.com\/casa_santonja_oficial\/?hl=en\" target=\"_blank\" rel=\"noreferrer noopener\">Casa Santonja<\/a> cuenta con un equipo de profesionales para ayudar en la organizaci\u00f3n de vuestro gran d\u00eda. Desde la decoraci\u00f3n hasta el protocolo, la mas\u00eda se encargar\u00e1 de todos los detalles para que vosotros solo teng\u00e1is que preocuparos de disfrutar. <\/p>\n\n\n\n<p>En un jard\u00edn encantador, las plantas crean un fondo impresionante para la ceremonia de boda al aire libre. El verde exuberante y los colores vibrantes de las flores combinan perfectamente para formar un escenario natural y rom\u00e1ntico. La decoraci\u00f3n simple y sofisticada, con un toque de elegancia natural, convierte el jard\u00edn en el escenario perfecto para un d\u00eda inolvidable.<\/p>\n\n\n\n<figure class=\"wp-block-embed alignwide is-type-video is-provider-youtube wp-block-embed-youtube wp-embed-aspect-16-9 wp-has-aspect-ratio\"><div class=\"wp-block-embed__wrapper\">\n<iframe loading=\"lazy\" title=\"Fot\u00f3grafo de Bodas - Damian Zurowski | Fotograf\u00eda Natural Sin Poses\" width=\"640\" height=\"360\" src=\"https:\/\/www.youtube.com\/embed\/wAYPpd4KHJY?feature=oembed\" frameborder=\"0\" allow=\"accelerometer; autoplay; clipboard-write; encrypted-media; gyroscope; picture-in-picture; web-share\" referrerpolicy=\"strict-origin-when-cross-origin\" allowfullscreen><\/iframe>\n<\/div><\/figure>\n\n\n\n<h2 class=\"wp-block-heading\">6. Finca Torrefiel<\/h2>\n\n\n\n<p><a href=\"https:\/\/www.torrefiel.com\/\" target=\"_blank\" rel=\"noreferrer noopener nofollow\">Torrefiel<\/a> es una preciosa finca situada en Fontanars dels Alforins, Valencia, un entorno privilegiado que ofrece un ambiente \u00fanico y distinto para celebraciones. <\/p>\n\n\n\n<p>Cuenta con diversos espacios para adaptarse a las necesidades y preferencias de los invitados, tanto en el interior como en el exterior. Entre ellos, destaca el Sal\u00f3n Biblioteca, una amplia y luminosa zona con una decoraci\u00f3n elegante y acogedora que se conecta con una terraza cubierta. La terraza tambi\u00e9n es una opci\u00f3n maravillosa para eventos al aire libre. La finca tambi\u00e9n cuenta con una amplia zona ajardinada y una peque\u00f1a capilla, la Capilla de la Virgen de los Desamparados y una zona para coro.<\/p>\n\n\n\n<p>Con paredes enveladas por plantas, el edificio hist\u00f3rico ofrece un ambiente rom\u00e1ntico y tranquilo para la celebraci\u00f3n de bodas. Los jardines exuberantes y los detalles arquitect\u00f3nicos originales crean una atm\u00f3sfera \u00fanica que har\u00e1 que la ceremonia sea inolvidable.<\/p>\n\n\n\n<figure class=\"wp-block-image size-full\"><img loading=\"lazy\" decoding=\"async\" width=\"1000\" height=\"700\" src=\"https:\/\/damianzurowski.com\/wp-content\/uploads\/2023\/02\/finca-torrefiel.jpg\" alt=\"\" class=\"wp-image-3233\" srcset=\"https:\/\/damianzurowski.com\/wp-content\/uploads\/2023\/02\/finca-torrefiel.jpg 1000w, https:\/\/damianzurowski.com\/wp-content\/uploads\/2023\/02\/finca-torrefiel-300x210.jpg 300w, https:\/\/damianzurowski.com\/wp-content\/uploads\/2023\/02\/finca-torrefiel-768x538.jpg 768w\" sizes=\"auto, (max-width: 1000px) 100vw, 1000px\" \/><figcaption class=\"wp-element-caption\">Finca Torrefiel<\/figcaption><\/figure>\n\n\n\n<h2 class=\"wp-block-heading\">7. Tancat de l'Albufera<\/h2>\n\n\n\n<p>El Tancat de l\u2019Albufera es una propiedad \u00fanica dentro del Parque Natural de la Albufera de Valencia. Antes conocido como Tancat de Burriel, fue un secadero de arroz que inclu\u00eda un horno moruno, una caballeriza y una chimenea que operaba con un motor de vapor. Hoy en d\u00eda, la propiedad cuenta con un extenso jard\u00edn en sus ocho hect\u00e1reas de terreno.<\/p>\n\n\n\n<p>Con sus vastos campos de arroz y una gran variedad de aves acu\u00e1ticas, este paraje ofrece una vista id\u00edlica y un ambiente natural y relajado. La calma y la tranquilidad del parque son perfectas para el d\u00eda m\u00e1s importante de tu vida, y el paisaje verde y acogedor proporcionar\u00e1 un fondo impresionante para tus recuerdos y fotos. Adem\u00e1s, la ubicaci\u00f3n cercana a Valencia ofrece una amplia variedad de opciones para comida y alojamiento, por lo que tanto t\u00fa como tus invitados disfrutar\u00e1n de una experiencia inolvidable en el Parque Nacional de Albufera.<\/p>\n\n\n\n<p>Pulsa para ver mi <a href=\"https:\/\/damianzurowski.com\/gallery\/boda-en-tancat-de-albufera-in-valencia\/\">sesi\u00f3n de fotos en Tancat de l'Albufera<\/a>.<\/p>\n\n\n\n<figure class=\"wp-block-image size-large\"><a href=\"https:\/\/damianzurowski.com\/es\/gallery\/boda-en-tancat-de-albufera-in-valencia\/\"><img loading=\"lazy\" decoding=\"async\" width=\"1024\" height=\"683\" src=\"https:\/\/damianzurowski.com\/wp-content\/uploads\/2023\/02\/tancat-de-albufera-wedding-decoration-27-1024x683.jpeg\" alt=\"\" class=\"wp-image-3246\" srcset=\"https:\/\/damianzurowski.com\/wp-content\/uploads\/2023\/02\/tancat-de-albufera-wedding-decoration-27-1024x683.jpeg 1024w, https:\/\/damianzurowski.com\/wp-content\/uploads\/2023\/02\/tancat-de-albufera-wedding-decoration-27-300x200.jpeg 300w, https:\/\/damianzurowski.com\/wp-content\/uploads\/2023\/02\/tancat-de-albufera-wedding-decoration-27-768x512.jpeg 768w, https:\/\/damianzurowski.com\/wp-content\/uploads\/2023\/02\/tancat-de-albufera-wedding-decoration-27-1536x1024.jpeg 1536w, https:\/\/damianzurowski.com\/wp-content\/uploads\/2023\/02\/tancat-de-albufera-wedding-decoration-27-2048x1365.jpeg 2048w\" sizes=\"auto, (max-width: 1024px) 100vw, 1024px\" \/><\/a><figcaption class=\"wp-element-caption\">Tancat de l\u00b4Albufera<\/figcaption><\/figure>\n\n\n\n<h2 class=\"wp-block-heading\">8. Nou Raco<\/h2>\n\n\n\n<p><a href=\"https:\/\/nouraco.com\/\" target=\"_blank\" data-type=\"URL\" data-id=\"https:\/\/nouraco.com\/\" rel=\"noreferrer noopener nofollow\">Nou Rac\u00f3<\/a> es otro espacio privilegiado ubicado en el coraz\u00f3n del Parque Natural de la Albufera en esta lista. Ofrece salones y estancias en contacto con la naturaleza, rodeados de la vegetaci\u00f3n y fauna propia del parque, junto con los servicios e instalaciones m\u00e1s modernos. <\/p>\n\n\n\n<p>Cada rinc\u00f3n de Nou Rac\u00f3 est\u00e1 dise\u00f1ado para mejorar la experiencia de eventos, impresionar a los invitados y facilitar su desarrollo. La experiencia puede complementarse con paseos en barco en el lago, tomar un cocktail en los jardines o en la terraza chill-out, y los animadores infantiles garantizan que los m\u00e1s peque\u00f1os tambi\u00e9n disfruten del evento. El equipo de Nou Rac\u00f3 puede crear el ambiente perfecto para el evento, seg\u00fan los deseos de los invitados.<\/p>\n\n\n\n<figure class=\"wp-block-image size-large\"><img loading=\"lazy\" decoding=\"async\" width=\"1024\" height=\"575\" src=\"https:\/\/damianzurowski.com\/wp-content\/uploads\/2023\/02\/nou-raco-valencia-1-1024x575.jpg\" alt=\"\" class=\"wp-image-9848\" srcset=\"https:\/\/damianzurowski.com\/wp-content\/uploads\/2023\/02\/nou-raco-valencia-1-1024x575.jpg 1024w, https:\/\/damianzurowski.com\/wp-content\/uploads\/2023\/02\/nou-raco-valencia-1-300x168.jpg 300w, https:\/\/damianzurowski.com\/wp-content\/uploads\/2023\/02\/nou-raco-valencia-1-768x431.jpg 768w, https:\/\/damianzurowski.com\/wp-content\/uploads\/2023\/02\/nou-raco-valencia-1-1536x863.jpg 1536w, https:\/\/damianzurowski.com\/wp-content\/uploads\/2023\/02\/nou-raco-valencia-1.jpg 2048w\" sizes=\"auto, (max-width: 1024px) 100vw, 1024px\" \/><figcaption class=\"wp-element-caption\">Nou Raco<\/figcaption><\/figure>\n\n\n\n<h2 class=\"wp-block-heading\">9. Huerto de Santa Mar\u00eda<\/h2>\n\n\n\n<p><a href=\"https:\/\/www.huertodesantamaria.com\/\" target=\"_blank\" rel=\"noreferrer noopener nofollow\">El Huerto de Santa Mar\u00eda<\/a> es una mas\u00eda ideal para bodas. Gracias a varios espacios disponibles para la ceremonia y la celebraci\u00f3n, los novios tienen la opci\u00f3n de elegir el lugar perfecto entre varias opciones. El Sal\u00f3n Almud\u00edn es un lugar abierto con vistas a los jardines y una techumbre de madera y hierro que lo hace acogedor y hogare\u00f1o. La Plaza Mayor es el espacio m\u00e1s polifac\u00e9tico, con una cubierta m\u00f3vil que garantiza una celebraci\u00f3n sin contratiempos. Los Arcos y La P\u00e9rgola son lugares ideales para los aperitivos, con vistas muy bonitas sobre el jard\u00edn. La Sala Alcazaba es un lugar con reminiscencias \u00e1rabes y con vistas al jard\u00edn. La Font Blanca es un espacio privado y exclusivo para hasta 300 personas. Los jardines son extensos, con plantas mediterr\u00e1neas y arboles que transmiten calma y sosiego. Y todo esto con las magnificas vistas al Monasterio de Puig de fondo. <\/p>\n\n\n\n<p>Haz click para ver mi sesi\u00f3n de <a href=\"https:\/\/damianzurowski.com\/gallery\/boda-en-huerto-de-santa-maria-y-monasterio-de-puig\/\">fotos en el Huerto de Santa Mar\u00eda<\/a> y ver\u00e1s a lo que refiero.<\/p>\n\n\n\n<figure class=\"wp-block-image size-large\"><img loading=\"lazy\" decoding=\"async\" width=\"1024\" height=\"683\" src=\"https:\/\/damianzurowski.com\/wp-content\/uploads\/2023\/02\/huerto-santa-maria-1024x683.jpeg\" alt=\"\" class=\"wp-image-3248\" srcset=\"https:\/\/damianzurowski.com\/wp-content\/uploads\/2023\/02\/huerto-santa-maria-1024x683.jpeg 1024w, https:\/\/damianzurowski.com\/wp-content\/uploads\/2023\/02\/huerto-santa-maria-300x200.jpeg 300w, https:\/\/damianzurowski.com\/wp-content\/uploads\/2023\/02\/huerto-santa-maria-768x512.jpeg 768w, https:\/\/damianzurowski.com\/wp-content\/uploads\/2023\/02\/huerto-santa-maria-1536x1024.jpeg 1536w, https:\/\/damianzurowski.com\/wp-content\/uploads\/2023\/02\/huerto-santa-maria-2048x1365.jpeg 2048w\" sizes=\"auto, (max-width: 1024px) 100vw, 1024px\" \/><figcaption class=\"wp-element-caption\">Huerto de Santa Mar\u00eda<\/figcaption><\/figure>\n\n\n\n<h2 class=\"wp-block-heading\">10. Palau de les Arts (Espai Los Toros)<\/h2>\n\n\n\n<p><a href=\"https:\/\/gourmetcatering.es\/bodas\/palau-de-les-arts\" target=\"_blank\" rel=\"noreferrer noopener nofollow\">Espai Los Toros<\/a> es un renovado espacio en Valencia, situado dentro del Palau de les Arts, dise\u00f1ado por el arquitecto valenciano Santiago Calatrava. Con su b\u00f3veda iluminada y su arquitectura de vanguardia, este lugar cuenta con dos terrazas exteriores y un amplio sal\u00f3n para un banquete c\u00f3modo y acogedor.<\/p>\n\n\n\n<p>Con impresionantes edificios futuristas, este lugar es el escenario perfecto para una boda elegante y moderna. Los arquitectos y dise\u00f1adores han creado un entorno moderno y minimalista, que ofrece una experiencia visual y emocional inolvidable para los novios y sus invitados.<\/p>\n\n\n\n<figure class=\"wp-block-image size-large\"><img loading=\"lazy\" decoding=\"async\" width=\"1024\" height=\"680\" src=\"https:\/\/damianzurowski.com\/wp-content\/uploads\/2023\/02\/palau-les-arts-espai-los-toros-1024x680.jpg\" alt=\"\" class=\"wp-image-3252\" srcset=\"https:\/\/damianzurowski.com\/wp-content\/uploads\/2023\/02\/palau-les-arts-espai-los-toros-1024x680.jpg 1024w, https:\/\/damianzurowski.com\/wp-content\/uploads\/2023\/02\/palau-les-arts-espai-los-toros-300x199.jpg 300w, https:\/\/damianzurowski.com\/wp-content\/uploads\/2023\/02\/palau-les-arts-espai-los-toros-768x510.jpg 768w, https:\/\/damianzurowski.com\/wp-content\/uploads\/2023\/02\/palau-les-arts-espai-los-toros.jpg 1220w\" sizes=\"auto, (max-width: 1024px) 100vw, 1024px\" \/><figcaption class=\"wp-element-caption\">Palau de les Arts (Espai Los Toros)<\/figcaption><\/figure>\n\n\n\n<blockquote class=\"wp-block-quote is-layout-flow wp-block-quote-is-layout-flow\">\n<p><\/p>\n<cite>Imag\u00ednate casarse en uno de estos impresionantes lugares de boda en Valencia. Ahora imag\u00ednate tener un fot\u00f3grafo de bodas que pueda capturar cada momento de tu boda con experiencia y pasi\u00f3n. Eso es lo que te ofrezco como fot\u00f3grafo de bodas en Valencia. S\u00e9 c\u00f3mo aprovechar al m\u00e1ximo la luz natural, el paisaje y el ambiente de estas impresionantes mas\u00edas. Tambi\u00e9n s\u00e9 c\u00f3mo hacer que t\u00fa y tus invitados os sint\u00e1is c\u00f3modos y relajados delante de la c\u00e1mara. <a href=\"https:\/\/damianzurowski.com\/contacto\/\" data-type=\"page\" data-id=\"1050\">Ponte en contacto conmigo ahora y hagamos realidad tus sue\u00f1os de boda.<\/a><\/cite><\/blockquote>\n\n\n\n<h2 class=\"wp-block-heading\">11. Alquer\u00eda Lol\u00edn (Alquer\u00eda del Rey)<\/h2>\n\n\n\n<p><a href=\"https:\/\/www.bardanacateringvalencia.com\/espacios\/espacios-bodas-valencia\/alqueria-lolin\/\" target=\"_blank\" rel=\"noreferrer noopener nofollow\">La Alquer\u00eda Lol\u00edn<\/a> o Mas\u00eda del Rey es un lugar \u00fanico para celebrar bodas o eventos, situado en Benim\u00e1met, a solo 5 minutos de Valencia. La alquer\u00eda es un ejemplo interesante de casa basilical, con una estructura formada por un cuerpo central perpendicular a la fachada y dos laterales m\u00e1s estrechos, con muros de carga profundos y crean una volumetr\u00eda compleja.<\/p>\n\n\n\n<p>Los espacios disponibles para la celebraci\u00f3n incluyen una zona cerrada para hasta 110 personas, una zona ajardinada para hasta 200 personas, una pista de baile, aparcamiento y cocina. La alquer\u00eda es el lugar perfecto para una boda o evento \u00fanico y especial, con un ambiente aut\u00e9ntico y una historia interesante que lo hace diferente a cualquier otro lugar.<\/p>\n\n\n\n<p>El equipo de Bardana Catering, una empresa con a\u00f1os de experiencia en el sector, gestiona el espacio en exclusividad y se encarga de todos los detalles, desde la elaboraci\u00f3n de un men\u00fa de excelente calidad hasta la decoraci\u00f3n floral y la coordinaci\u00f3n con los mejores profesionales, como los audiovisuales. Todo esto garantiza una experiencia \u00fanica y especial para los novios y sus invitados. La combinaci\u00f3n de la belleza y espontaneidad de la Alquer\u00eda Lol\u00edn con el saber hacer de Bardana Catering hacen de este lugar un espacio ideal para eventos especiales.<\/p>\n\n\n\n<p>Aqu\u00ed puedes ver mi <a href=\"https:\/\/damianzurowski.com\/gallery\/alqueria-lolin-alqueria-del-rey\/\">reportaje de fotos de Alquer\u00eda Lol\u00edn<\/a>.<\/p>\n\n\n\n<figure class=\"wp-block-image size-large\"><img loading=\"lazy\" decoding=\"async\" width=\"1024\" height=\"682\" src=\"https:\/\/damianzurowski.com\/wp-content\/uploads\/2023\/02\/alqueria-lolin-del-rey-valencia-1024x682.jpg\" alt=\"\" class=\"wp-image-3256\" srcset=\"https:\/\/damianzurowski.com\/wp-content\/uploads\/2023\/02\/alqueria-lolin-del-rey-valencia-1024x682.jpg 1024w, https:\/\/damianzurowski.com\/wp-content\/uploads\/2023\/02\/alqueria-lolin-del-rey-valencia-300x200.jpg 300w, https:\/\/damianzurowski.com\/wp-content\/uploads\/2023\/02\/alqueria-lolin-del-rey-valencia-768x512.jpg 768w, https:\/\/damianzurowski.com\/wp-content\/uploads\/2023\/02\/alqueria-lolin-del-rey-valencia-1536x1024.jpg 1536w, https:\/\/damianzurowski.com\/wp-content\/uploads\/2023\/02\/alqueria-lolin-del-rey-valencia.jpg 2000w\" sizes=\"auto, (max-width: 1024px) 100vw, 1024px\" \/><figcaption class=\"wp-element-caption\">Alquer\u00eda Lol\u00edn (Alquer\u00eda del Rey)<\/figcaption><\/figure>\n\n\n\n<h2 class=\"wp-block-heading\">12. La Mozaira<\/h2>\n\n\n\n<p><a href=\"https:\/\/lamozaira.com\/\" target=\"_blank\" rel=\"noreferrer noopener nofollow\">El Hotel La Mozaira<\/a> es un lugar id\u00edlico para celebrar la boda m\u00e1s rom\u00e1ntica. Ubicado en plena huerta de Alboraya, este hotel combina la tradici\u00f3n con la modernidad. Construido en el siglo XVII, sigue la arquitectura de las alquer\u00edas valencianas. La Biblioteca de La Mozaira y La Bodega son los espacios dedicados a la celebraci\u00f3n de bodas, as\u00ed como tambi\u00e9n cuenta con una hermosa terraza para c\u00f3cteles o recibimientos.<\/p>\n\n\n\n<p>Los invitados pueden alojarse en las c\u00f3modas habitaciones con ba\u00f1o completo y productos de acogida artesanales, adem\u00e1s, cuenta con una carta de almohadas y servicios de lavander\u00eda y tintorer\u00eda.<\/p>\n\n\n\n<p>En el Restaurante La Mozaira, los novios y sus invitados pueden disfrutar de los platos t\u00edpicos de la zona levantina, con los arroces como plato principal. La materia prima utilizada es de la m\u00e1s alta calidad y se prioriza los alimentos en temporada para la elaboraci\u00f3n de los platillos.<\/p>\n\n\n\n<p>El Hotel La Mozaira est\u00e1 situado entre los campos de chufa y a s\u00f3lo 2 kil\u00f3metros del centro de Valencia y a un kil\u00f3metro del mar Mediterr\u00e1neo.<\/p>\n\n\n\n<figure class=\"wp-block-image size-large\"><img loading=\"lazy\" decoding=\"async\" width=\"1024\" height=\"576\" src=\"https:\/\/damianzurowski.com\/wp-content\/uploads\/2023\/02\/la-mozaira-salon-de-bodas-valencia-1024x576.jpg\" alt=\"\" class=\"wp-image-3254\" srcset=\"https:\/\/damianzurowski.com\/wp-content\/uploads\/2023\/02\/la-mozaira-salon-de-bodas-valencia-1024x576.jpg 1024w, https:\/\/damianzurowski.com\/wp-content\/uploads\/2023\/02\/la-mozaira-salon-de-bodas-valencia-300x169.jpg 300w, https:\/\/damianzurowski.com\/wp-content\/uploads\/2023\/02\/la-mozaira-salon-de-bodas-valencia-768x432.jpg 768w, https:\/\/damianzurowski.com\/wp-content\/uploads\/2023\/02\/la-mozaira-salon-de-bodas-valencia-1536x864.jpg 1536w, https:\/\/damianzurowski.com\/wp-content\/uploads\/2023\/02\/la-mozaira-salon-de-bodas-valencia.jpg 2000w\" sizes=\"auto, (max-width: 1024px) 100vw, 1024px\" \/><figcaption class=\"wp-element-caption\">La Mozaira<\/figcaption><\/figure>\n\n\n\n<h2 class=\"wp-block-heading\">13. Campo Anibal<\/h2>\n\n\n\n<p><a href=\"https:\/\/www.campoanibal.com\/\" target=\"_blank\" rel=\"noreferrer noopener nofollow\">Campo An\u00edbal<\/a> es una impresionante mas\u00eda centenaria situada en Valencia, Espa\u00f1a, que se ha especializado en la organizaci\u00f3n de eventos. Con preciosos jardines, una cocina propia y elegantes interiores, Campo An\u00edbal se ha convertido en un espacio emblem\u00e1tico para celebrar bodas y otros eventos en la zona de Valencia. Los espectaculares exteriores incluyen porches, p\u00e9rgolas y jardines donde se pueden celebrar la ceremonia civil, el c\u00f3ctel o la comida o cena. Los interiores de la mas\u00eda ofrecen varias opciones de distintos tama\u00f1os y caracter\u00edsticas, pero todas comparten la elegancia y categor\u00eda.<\/p>\n\n\n\n<p>Campo An\u00edbal cuenta con un equipo propio de Responsables de eventos que act\u00faan como wedding planners, personalizando cada evento y brindando seguridad, informaci\u00f3n y confianza a la pareja.<\/p>\n\n\n\n<p>La mas\u00eda fue restaurada cuidadosamente manteniendo su autenticidad y elegancia, rodeada por una extensa finca de cultivo de naranjas. Campo An\u00edbal se encuentra en plena naturaleza, pero a solo 20 kms de Valencia y f\u00e1cilmente accesible. La historia de la mas\u00eda se remonta al general cartagin\u00e9s An\u00edbal, que acamp\u00f3 en estas tierras, convirti\u00e9ndolo en un lugar con mucha historia.<\/p>\n\n\n\n<figure class=\"wp-block-image size-large\"><img loading=\"lazy\" decoding=\"async\" width=\"1024\" height=\"576\" src=\"https:\/\/damianzurowski.com\/wp-content\/uploads\/2023\/02\/campo-anibal-1024x576.jpg\" alt=\"\" class=\"wp-image-3258\" srcset=\"https:\/\/damianzurowski.com\/wp-content\/uploads\/2023\/02\/campo-anibal-1024x576.jpg 1024w, https:\/\/damianzurowski.com\/wp-content\/uploads\/2023\/02\/campo-anibal-300x169.jpg 300w, https:\/\/damianzurowski.com\/wp-content\/uploads\/2023\/02\/campo-anibal-768x432.jpg 768w, https:\/\/damianzurowski.com\/wp-content\/uploads\/2023\/02\/campo-anibal-1536x864.jpg 1536w, https:\/\/damianzurowski.com\/wp-content\/uploads\/2023\/02\/campo-anibal.jpg 2000w\" sizes=\"auto, (max-width: 1024px) 100vw, 1024px\" \/><figcaption class=\"wp-element-caption\">Campo Anibal<\/figcaption><\/figure>\n\n\n\n<h2 class=\"wp-block-heading\">14. Mas Les Lloses<\/h2>\n\n\n\n<p><a href=\"https:\/\/www.instagram.com\/masleslloses\/?hl=en\" target=\"_blank\" rel=\"noreferrer noopener\">Mas Les Lloses<\/a> es una antigua mas\u00eda del siglo XX situada cerca de Valencia, en plena naturaleza al pie del monte Picayo, rodeada de naranjos. El espacio cuenta con un antiguo almac\u00e9n de estilo industrial habilitado como sal\u00f3n, perfecto para albergar banquetes de hasta 250 personas. Adem\u00e1s, sus amplios exteriores permiten la realizaci\u00f3n de diferentes eventos como la ceremonia, c\u00f3ctel, banquete y barra libre, con una capacidad para hasta 350 personas.<\/p>\n\n\n\n<figure class=\"wp-block-image size-large\"><img loading=\"lazy\" decoding=\"async\" width=\"1024\" height=\"680\" src=\"https:\/\/damianzurowski.com\/wp-content\/uploads\/2023\/02\/mas-les-lloses-1024x680.jpg\" alt=\"\" class=\"wp-image-3260\" srcset=\"https:\/\/damianzurowski.com\/wp-content\/uploads\/2023\/02\/mas-les-lloses-1024x680.jpg 1024w, https:\/\/damianzurowski.com\/wp-content\/uploads\/2023\/02\/mas-les-lloses-300x199.jpg 300w, https:\/\/damianzurowski.com\/wp-content\/uploads\/2023\/02\/mas-les-lloses-768x510.jpg 768w, https:\/\/damianzurowski.com\/wp-content\/uploads\/2023\/02\/mas-les-lloses.jpg 1220w\" sizes=\"auto, (max-width: 1024px) 100vw, 1024px\" \/><figcaption class=\"wp-element-caption\">Mas Les Lloses<\/figcaption><\/figure>\n\n\n\n<h2 class=\"wp-block-heading\">15. Hotel Las Arenas<\/h2>\n\n\n\n<p><a href=\"https:\/\/www.hotelvalencialasarenas.com\/es\/eventos\/bodas\/\" target=\"_blank\" rel=\"noreferrer noopener\">El Las Arenas Balneario Resort<\/a> es un hotel de cinco estrellas de lujo que ofrece un escenario perfecto para bodas y eventos nupciales. El edificio cuenta con una variedad de salones acondicionados, incluyendo el sal\u00f3n Poseid\u00f3n que puede albergar hasta 600 invitados en un c\u00f3ctel y 350 en un banquete. Las terrazas ajardinadas tambi\u00e9n son un lugar ideal para ceremonias al aire libre. <\/p>\n\n\n\n<p>Las Arenas ofrece un equipo de profesionales que proporcionar\u00e1n una decoraci\u00f3n personalizada, m\u00fasica en vivo o un DJ, gastronom\u00eda de alta calidad y alojamiento de lujo en sus 253 habitaciones, algunas de ellas suites. Adem\u00e1s, el hotel cuenta con un spa y un amplio aparcamiento. Construido en 2006, el edificio del hotel se integra perfectamente con el edificio hist\u00f3rico del Balneario Las Arenas, construido en 1898. La ubicaci\u00f3n del hotel es inmejorable, justo en la playa de Valencia y a poca distancia de sus principales atracciones tur\u00edsticas.<\/p>\n\n\n\n<figure class=\"wp-block-image size-large\"><img loading=\"lazy\" decoding=\"async\" width=\"1520\" height=\"950\" src=\"https:\/\/damianzurowski.com\/wp-content\/uploads\/2023\/02\/hotel-las-arenas-bodas-1-edited.jpg\" alt=\"\" class=\"wp-image-3266\" srcset=\"https:\/\/damianzurowski.com\/wp-content\/uploads\/2023\/02\/hotel-las-arenas-bodas-1-edited.jpg 1520w, https:\/\/damianzurowski.com\/wp-content\/uploads\/2023\/02\/hotel-las-arenas-bodas-1-edited-300x188.jpg 300w, https:\/\/damianzurowski.com\/wp-content\/uploads\/2023\/02\/hotel-las-arenas-bodas-1-edited-1024x640.jpg 1024w, https:\/\/damianzurowski.com\/wp-content\/uploads\/2023\/02\/hotel-las-arenas-bodas-1-edited-768x480.jpg 768w\" sizes=\"auto, (max-width: 1520px) 100vw, 1520px\" \/><figcaption class=\"wp-element-caption\">Hotel Las Arenas<\/figcaption><\/figure>\n\n\n\n<h2 class=\"wp-block-heading\">16. Vallesa de Mandor<\/h2>\n\n\n\n<p><a href=\"https:\/\/gourmetcatering.es\/bodas\/vallesa-de-mandor\" target=\"_blank\" rel=\"noreferrer noopener nofollow\">La Vallesa de Mandor<\/a> es una localizaci\u00f3n espectacular ofrecida por Gourmet Catering &amp; Espacios Valencia para celebrar bodas \u00fanicas. La casa cuenta con dos salas grandes con un estilo r\u00fastico y un jard\u00edn ajardinado para banquetes al aire libre. Adem\u00e1s, cuenta con un jard\u00edn interior, una bodega museo y un sal\u00f3n de estilo r\u00fastico.<\/p>\n\n\n\n<p>Gourmet Catering &amp; Espacios Valencia ofrece su experiencia en catering con una clara inspiraci\u00f3n mediterr\u00e1nea y toques vanguardistas. La Vallesa de Mandor es una majestuosa construcci\u00f3n del siglo XVIII que antiguamente aloj\u00f3 a personalidades como el rey Alfonso XIII y se encuentra en el Parque Natural del Turia, a solo 15 minutos de Valencia.<\/p>\n\n\n\n<figure class=\"wp-block-image size-large\"><img loading=\"lazy\" decoding=\"async\" width=\"1220\" height=\"762\" src=\"https:\/\/damianzurowski.com\/wp-content\/uploads\/2023\/02\/vallesa-de-mandor-edited.jpg\" alt=\"\" class=\"wp-image-3272\" srcset=\"https:\/\/damianzurowski.com\/wp-content\/uploads\/2023\/02\/vallesa-de-mandor-edited.jpg 1220w, https:\/\/damianzurowski.com\/wp-content\/uploads\/2023\/02\/vallesa-de-mandor-edited-300x187.jpg 300w, https:\/\/damianzurowski.com\/wp-content\/uploads\/2023\/02\/vallesa-de-mandor-edited-1024x640.jpg 1024w, https:\/\/damianzurowski.com\/wp-content\/uploads\/2023\/02\/vallesa-de-mandor-edited-768x480.jpg 768w\" sizes=\"auto, (max-width: 1220px) 100vw, 1220px\" \/><figcaption class=\"wp-element-caption\">Vallesa de Mandor<\/figcaption><\/figure>\n\n\n\n<h2 class=\"wp-block-heading\">17. Huerto de San Vicente<\/h2>\n\n\n\n<p><a href=\"https:\/\/gourmetcatering.es\/bodas\/huerto-san-vicente\" target=\"_blank\" rel=\"noreferrer noopener nofollow\">Huerto de San Vicente<\/a> es un espacio de boda \u00fanico y especial situado en plena naturaleza. Con una amplia variedad de espacios exteriores y un hermoso patio interior, este lugar ofrece un ambiente \u00fanico y encantador para sus invitados. Adem\u00e1s, el antiguo cobertizo ha sido rehabilitado y convertido en el sal\u00f3n de los naranjos, un precioso espacio acristalado rodeado de naranjos que es perfecto para bodas y otras celebraciones. Con capacidad para hasta 350 comensales, el Sal\u00f3n de Bodas El Huerto San Vicente es una opci\u00f3n ideal para aquellos que buscan un lugar especial y memorable para celebrar sus bodas y otros eventos importantes.<\/p>\n\n\n\n<figure class=\"wp-block-image size-large\"><img loading=\"lazy\" decoding=\"async\" width=\"1220\" height=\"762\" src=\"https:\/\/damianzurowski.com\/wp-content\/uploads\/2023\/02\/huerto-de-san-vicente-edited.jpg\" alt=\"\" class=\"wp-image-3274\" srcset=\"https:\/\/damianzurowski.com\/wp-content\/uploads\/2023\/02\/huerto-de-san-vicente-edited.jpg 1220w, https:\/\/damianzurowski.com\/wp-content\/uploads\/2023\/02\/huerto-de-san-vicente-edited-300x187.jpg 300w, https:\/\/damianzurowski.com\/wp-content\/uploads\/2023\/02\/huerto-de-san-vicente-edited-1024x640.jpg 1024w, https:\/\/damianzurowski.com\/wp-content\/uploads\/2023\/02\/huerto-de-san-vicente-edited-768x480.jpg 768w\" sizes=\"auto, (max-width: 1220px) 100vw, 1220px\" \/><\/figure>\n\n\n\n<h2 class=\"wp-block-heading\">18. Jardines de Abril<\/h2>\n\n\n\n<p><a href=\"https:\/\/jardinesdeabril.es\/\" target=\"_blank\" rel=\"noreferrer noopener nofollow\">Jardines de Abril<\/a> es un espacio para bodas \u00fanico y variado, que ofrece 8 diferentes opciones para adaptarse a las necesidades y gustos de los novios. Desde la casa con sus habitaciones y salones, hasta el plant\u00f3n y los ficus con capacidades de hasta 400 personas, hay un espacio para cada ocasi\u00f3n. La ermita y la p\u00e9rgola son lugares especiales para hacer fotos y videos diferentes, mientras que la carpa beduina es ideal para cualquier celebraci\u00f3n en el interior. Todos estos espacios pueden ser personalizados con decoraciones y luces para crear un ambiente \u00fanico y memorable para el gran d\u00eda. Adem\u00e1s, la gu\u00eda incluye ideas para la boda, decoraciones, proveedores de catering y wedding planner.<\/p>\n\n\n\n<figure class=\"wp-block-image size-large\"><img loading=\"lazy\" decoding=\"async\" width=\"1241\" height=\"776\" src=\"https:\/\/damianzurowski.com\/wp-content\/uploads\/2023\/02\/jardines-de-abril-edited.jpg\" alt=\"\" class=\"wp-image-3278\" srcset=\"https:\/\/damianzurowski.com\/wp-content\/uploads\/2023\/02\/jardines-de-abril-edited.jpg 1241w, https:\/\/damianzurowski.com\/wp-content\/uploads\/2023\/02\/jardines-de-abril-edited-300x188.jpg 300w, https:\/\/damianzurowski.com\/wp-content\/uploads\/2023\/02\/jardines-de-abril-edited-1024x640.jpg 1024w, https:\/\/damianzurowski.com\/wp-content\/uploads\/2023\/02\/jardines-de-abril-edited-768x480.jpg 768w\" sizes=\"auto, (max-width: 1241px) 100vw, 1241px\" \/><figcaption class=\"wp-element-caption\">Jardines de Abril<\/figcaption><\/figure>\n\n\n\n<h2 class=\"wp-block-heading\">19. Jardines La Hacienda<\/h2>\n\n\n\n<p><a href=\"https:\/\/jardineslahacienda.com\/\" target=\"_blank\" rel=\"noreferrer noopener nofollow\">Jardines La Hacienda<\/a> es un hermoso recinto de bodas rodeado de un exuberante vergel lleno de majestuosos elementos decorativos. La Hacienda cuenta con amplios jardines mediterr\u00e1neos y terrazas impresionantes. Estos espacios son ideales tanto para la celebraci\u00f3n de aperitivos como para las ceremonias civiles y ofrecen la posibilidad de disfrutar de un banquete al aire libre. Si el tiempo no acompa\u00f1a o si se prefiere un espacio cerrado, la Hacienda tambi\u00e9n ofrece nueve comedores elegantes con capacidad para hasta 600 personas. La cocina del Restaurante La Hacienda se basa en la dieta mediterr\u00e1nea, con toques innovadores que le otorgan su propio estilo. En su d\u00eda especial, los novios tienen la oportunidad de elegir entre 12 men\u00fas o crear uno personalizado, contando con los consejos del personal de la Hacienda.<\/p>\n\n\n\n<figure class=\"wp-block-image size-large\"><img loading=\"lazy\" decoding=\"async\" width=\"1024\" height=\"682\" src=\"https:\/\/damianzurowski.com\/wp-content\/uploads\/2023\/02\/jardines-la-hacienda-1024x682.jpg\" alt=\"\" class=\"wp-image-3286\" srcset=\"https:\/\/damianzurowski.com\/wp-content\/uploads\/2023\/02\/jardines-la-hacienda-1024x682.jpg 1024w, https:\/\/damianzurowski.com\/wp-content\/uploads\/2023\/02\/jardines-la-hacienda-300x200.jpg 300w, https:\/\/damianzurowski.com\/wp-content\/uploads\/2023\/02\/jardines-la-hacienda-768x512.jpg 768w, https:\/\/damianzurowski.com\/wp-content\/uploads\/2023\/02\/jardines-la-hacienda-1536x1024.jpg 1536w, https:\/\/damianzurowski.com\/wp-content\/uploads\/2023\/02\/jardines-la-hacienda.jpg 2000w\" sizes=\"auto, (max-width: 1024px) 100vw, 1024px\" \/><figcaption class=\"wp-element-caption\">Jardines La Hacienda<\/figcaption><\/figure>\n\n\n\n<p><\/p>\n\n\n\n<h2 class=\"wp-block-heading\">20. Casa Benigalip<\/h2>\n\n\n\n<p><a href=\"https:\/\/www.instagram.com\/casabenigalip\/?hl=en\" target=\"_blank\" rel=\"noreferrer noopener\">Casa Benigalip<\/a> es una antigua mas\u00eda del siglo XVIII situada en pleno coraz\u00f3n de la Marina Alta que combina a la perfecci\u00f3n el pasado y el presente. La casa respira historia, elegancia, tradici\u00f3n y lujo, ofreciendo una experiencia \u00fanica gracias a su dise\u00f1o, jardines de ensue\u00f1o y una infinidad de espacios para explorar. El principal espacio es la Casa Benigalip, rodeada por los dos grandes jardines, el Jard\u00edn de los Olivos y el Jard\u00edn Principal, y el espacio multifuncional denominado Albero y Piedra. Adem\u00e1s, otros espacios disponibles incluyen el chillout, el patio interior, las zonas de parking, la granja y los campos de cultivo. En Casa Benigalip se puede disfrutar de una combinaci\u00f3n perfecta entre la arquitectura tradicional y los elementos vanguardistas, as\u00ed como la cocina aut\u00f3ctona y las nuevas tecnolog\u00edas culinarias.<\/p>\n\n\n<div class=\"wp-block-image\">\n<figure class=\"aligncenter size-large\"><img loading=\"lazy\" decoding=\"async\" width=\"1024\" height=\"683\" src=\"https:\/\/damianzurowski.com\/wp-content\/uploads\/2023\/02\/casa-benigalip-1024x683.jpg\" alt=\"\" class=\"wp-image-3288\" srcset=\"https:\/\/damianzurowski.com\/wp-content\/uploads\/2023\/02\/casa-benigalip-1024x683.jpg 1024w, https:\/\/damianzurowski.com\/wp-content\/uploads\/2023\/02\/casa-benigalip-300x200.jpg 300w, https:\/\/damianzurowski.com\/wp-content\/uploads\/2023\/02\/casa-benigalip-768x512.jpg 768w, https:\/\/damianzurowski.com\/wp-content\/uploads\/2023\/02\/casa-benigalip-1536x1024.jpg 1536w, https:\/\/damianzurowski.com\/wp-content\/uploads\/2023\/02\/casa-benigalip.jpg 1920w\" sizes=\"auto, (max-width: 1024px) 100vw, 1024px\" \/><figcaption class=\"wp-element-caption\">Casa Benigalip<\/figcaption><\/figure>\n<\/div>\n\n\n<blockquote class=\"wp-block-quote is-layout-flow wp-block-quote-is-layout-flow\">\n<p><\/p>\n<cite>Est\u00e1s viendo los lugares m\u00e1s incre\u00edbles para celebrar bodas en Valencia, pero \u00bfsabes qui\u00e9n puede hacer que luzcan a\u00fan m\u00e1s espectaculares? Un fot\u00f3grafo de bodas al que le encanta capturar la magia de las bodas en esta vibrante ciudad. Tengo un don para encontrar los mejores \u00e1ngulos, la mejor iluminaci\u00f3n y los mejores momentos. Tambi\u00e9n tengo un enfoque amistoso y profesional que te har\u00e1 sentir a gusto en tu gran d\u00eda. No dejes que tus fotos de boda sean ordinarias. D\u00e9jame hacerlas extraordinarias. <a href=\"https:\/\/damianzurowski.com\/contacto\/\" data-type=\"page\" data-id=\"1050\">Ponte en contacto conmigo y hablemos de tus planes de boda.<\/a><\/cite><\/blockquote>\n\n\n\n<h2 class=\"wp-block-heading\">21. Mas\u00eda de San Antonio de Poyo<\/h2>\n\n\n\n<p><a href=\"https:\/\/cateringcinco.com\/catering-cinco\/espacios\/masias-y-jardines\/masia-de-san-antonio-de-poyo\/\" target=\"_blank\" rel=\"noreferrer noopener nofollow\">La Mas\u00eda San Antonio de Poyo<\/a> es una hermosa casa valenciana del siglo XVIII situada en Ribarroja del Turia, cerca de Valencia. La mas\u00eda es el escenario perfecto para una boda inolvidable, rodeada de naranjos y con una amplia variedad de espacios para disfrutar con familiares y amigos. Desde el patio interior, se accede a la casa con suelo empedrado, que se puede utilizar como zona de aperitivo, y a un invernadero acristalado con vistas al jard\u00edn. Este espacio interior est\u00e1 equipado para albergar a 450 personas. El jard\u00edn, con su estilo cl\u00e1sico valenciano, es un espacio ideal para disfrutar del aperitivo, el banquete y hasta la fiesta, con la posibilidad de realizar toda la boda en el exterior. La Mas\u00eda San Antonio de Poyo es gestionada en exclusividad por Catering Cinco, que ofrece un servicio de catering de alta calidad con una base de comida mediterr\u00e1nea y tradicional.<\/p>\n\n\n<div class=\"wp-block-image\">\n<figure class=\"aligncenter size-full\"><img loading=\"lazy\" decoding=\"async\" width=\"798\" height=\"499\" src=\"https:\/\/damianzurowski.com\/wp-content\/uploads\/2023\/02\/masia-san-antonio-de-poyo-edited.jpg\" alt=\"\" class=\"wp-image-3292\" srcset=\"https:\/\/damianzurowski.com\/wp-content\/uploads\/2023\/02\/masia-san-antonio-de-poyo-edited.jpg 798w, https:\/\/damianzurowski.com\/wp-content\/uploads\/2023\/02\/masia-san-antonio-de-poyo-edited-300x188.jpg 300w, https:\/\/damianzurowski.com\/wp-content\/uploads\/2023\/02\/masia-san-antonio-de-poyo-edited-768x480.jpg 768w\" sizes=\"auto, (max-width: 798px) 100vw, 798px\" \/><figcaption class=\"wp-element-caption\">Mas\u00eda de San Antonio de Poyo<\/figcaption><\/figure>\n<\/div>\n\n\n<h2 class=\"wp-block-heading\">22. Mas\u00eda de San Antonio<\/h2>\n\n\n\n<p><a href=\"https:\/\/damianzurowski.com\/es\/gallery\/boda-exterior-en-masia-de-san-antonio\/\">Masia de San Antonio<\/a>, tambi\u00e9n conocida como l'Hort de Prefaci, es una construcci\u00f3n de fines del siglo XIX dedicada a la explotaci\u00f3n de c\u00edtricos. Se encuentra en un entorno privilegiado rodeado de campos de cultivo. Durante la Guerra Civil fue utilizada como consulado de M\u00e9xico y luego regres\u00f3 a la familia Sanchez de Le\u00f3n y Cotoner. La vivienda de estilo mediterr\u00e1neo incluye una torre de 3 plantas con vistas impresionantes.<\/p>\n\n\n\n<p>Los jardines amplios de la mas\u00eda tienen espacios claramente definidos para cada ocasi\u00f3n. Hay un parking para 130 veh\u00edculos y accesos para autobuses, as\u00ed como una piscina con una antigua balaustrada y hasta dos zonas de ceremonia para bodas civiles. Hay una zona de c\u00e9sped frente a la fachada principal para un cocktail de bienvenida y una pinada de 1000 m2 rodeada de flores blancas y la t\u00edpica iluminaci\u00f3n de verbena. El hall principal da acceso al patio central que conduce a un sal\u00f3n cerrado integrado en un campo de naranjos.<\/p>\n\n\n\n<p><a href=\"https:\/\/damianzurowski.com\/gallery\/boda-exterior-en-masia-de-san-antonio\/\">Puedes ver una boda real en la Mas\u00eda de San Antonio aqu\u00ed.<\/a><\/p>\n\n\n\n<figure class=\"wp-block-image size-large\"><img loading=\"lazy\" decoding=\"async\" width=\"1024\" height=\"680\" src=\"https:\/\/damianzurowski.com\/wp-content\/uploads\/2023\/02\/masia-san-antonio-1024x680.jpg\" alt=\"\" class=\"wp-image-3294\" srcset=\"https:\/\/damianzurowski.com\/wp-content\/uploads\/2023\/02\/masia-san-antonio-1024x680.jpg 1024w, https:\/\/damianzurowski.com\/wp-content\/uploads\/2023\/02\/masia-san-antonio-300x199.jpg 300w, https:\/\/damianzurowski.com\/wp-content\/uploads\/2023\/02\/masia-san-antonio-768x510.jpg 768w, https:\/\/damianzurowski.com\/wp-content\/uploads\/2023\/02\/masia-san-antonio.jpg 1220w\" sizes=\"auto, (max-width: 1024px) 100vw, 1024px\" \/><figcaption class=\"wp-element-caption\">Mas\u00eda de San Antonio<\/figcaption><\/figure>\n\n\n\n<h2 class=\"wp-block-heading\">23. Villa Mar\u00eda Bonita<\/h2>\n\n\n\n<p><a href=\"https:\/\/villamariabonita.com\/\" target=\"_blank\" rel=\"noreferrer noopener nofollow\">Villa Maria Bonita<\/a> es una finca de eventos exclusiva ubicada en Crevillente, Alicante. La casona de 1902 ha sido restaurada completamente conservando su encanto original, rodeada de \u00e1rboles centenarios como pinos, palmeras, adelfas y olivos. Con diferentes espacios tanto interiores como exteriores, Villa Maria Bonita es un lugar \u00fanico en su clase.<\/p>\n\n\n\n<p>Su historia se remonta a las t\u00edpicas alquer\u00edas espa\u00f1olas, que sol\u00edan estar rodeadas de extensiones de \u00e1rboles frutales, en este caso almendros. El suelo de piedra de la planta baja es un testimonio de esta historia.<\/p>\n\n\n\n<figure class=\"wp-block-image size-large\"><img loading=\"lazy\" decoding=\"async\" width=\"1220\" height=\"762\" src=\"https:\/\/damianzurowski.com\/wp-content\/uploads\/2023\/02\/villa-maria-bonita-1-edited.jpg\" alt=\"\" class=\"wp-image-3300\" srcset=\"https:\/\/damianzurowski.com\/wp-content\/uploads\/2023\/02\/villa-maria-bonita-1-edited.jpg 1220w, https:\/\/damianzurowski.com\/wp-content\/uploads\/2023\/02\/villa-maria-bonita-1-edited-300x187.jpg 300w, https:\/\/damianzurowski.com\/wp-content\/uploads\/2023\/02\/villa-maria-bonita-1-edited-1024x640.jpg 1024w, https:\/\/damianzurowski.com\/wp-content\/uploads\/2023\/02\/villa-maria-bonita-1-edited-768x480.jpg 768w\" sizes=\"auto, (max-width: 1220px) 100vw, 1220px\" \/><figcaption class=\"wp-element-caption\">Villa Mar\u00eda Bonita<\/figcaption><\/figure>\n\n\n\n<h2 class=\"wp-block-heading\">24. Masia de Xamandreu<\/h2>\n\n\n\n<p>La Mas\u00eda de Xamandreu es una propiedad centenaria construida en el siglo XIX que se encuentra en Godella, a 5 minutos de Valencia. Cuenta con preciosos jardines bicentenarios, amplias terrazas y acogedores salones interiores que ofrecen infinitas posibilidades para el dise\u00f1o de las bodas. La mas\u00eda ofrece tanto espacios a cubierto como al aire libre, lo que permite a los clientes disfrutar de diferentes ambientes para su boda o evento. La mas\u00eda se esfuerza en mantener un plan A y un plan B en funci\u00f3n de la climatolog\u00eda para garantizar la tranquilidad de sus clientes en todo momento.<\/p>\n\n\n\n<figure class=\"wp-block-image size-large\"><img loading=\"lazy\" decoding=\"async\" width=\"1024\" height=\"680\" src=\"https:\/\/damianzurowski.com\/wp-content\/uploads\/2023\/02\/masia-xamandreu-1-1024x680.jpg\" alt=\"\" class=\"wp-image-3304\" srcset=\"https:\/\/damianzurowski.com\/wp-content\/uploads\/2023\/02\/masia-xamandreu-1-1024x680.jpg 1024w, https:\/\/damianzurowski.com\/wp-content\/uploads\/2023\/02\/masia-xamandreu-1-300x199.jpg 300w, https:\/\/damianzurowski.com\/wp-content\/uploads\/2023\/02\/masia-xamandreu-1-768x510.jpg 768w, https:\/\/damianzurowski.com\/wp-content\/uploads\/2023\/02\/masia-xamandreu-1.jpg 1220w\" sizes=\"auto, (max-width: 1024px) 100vw, 1024px\" \/><figcaption class=\"wp-element-caption\">Masia de Xamandreu<\/figcaption><\/figure>\n\n\n\n<h2 class=\"wp-block-heading\">25. La Barraca<\/h2>\n\n\n\n<p>Volvemos por una vez m\u00e1s al Paruqe Nacional de Albufera. <a href=\"https:\/\/grupoelalto.com\/bodas\/la-barraca-del-palmar\/\" target=\"_blank\" rel=\"noreferrer noopener nofollow\">La Barraca del Palmar<\/a> es una vivienda tradicional valenciana restaurada para celebraciones de bodas en un entorno familiar y m\u00e1gico. Con capacidad para hasta 150 personas sentadas y 220 de pie, cuenta con un embarcadero propio, jard\u00edn, cocina y carpa para banquete exterior. <\/p>\n\n\n\n<p>Adem\u00e1s, ofrecen un espectacular servicio de show cooking con cocina tradicional mediterr\u00e1nea y valenciana, especializados en la paella. Durante la estancia, los invitados pueden disfrutar de paseos en barca, vela latina y visitas tur\u00edsticas a la Albufera. La finca est\u00e1 ubicada en el coraz\u00f3n del parque natural de la Albufera, un entorno natural para disfrutar de la tranquilidad y el sosiego.<\/p>\n\n\n\n<figure class=\"wp-block-image size-large\"><img loading=\"lazy\" decoding=\"async\" width=\"1024\" height=\"576\" src=\"https:\/\/damianzurowski.com\/wp-content\/uploads\/2023\/02\/la-barraca-valencia-albufera-1024x576.jpg\" alt=\"\" class=\"wp-image-3306\" srcset=\"https:\/\/damianzurowski.com\/wp-content\/uploads\/2023\/02\/la-barraca-valencia-albufera-1024x576.jpg 1024w, https:\/\/damianzurowski.com\/wp-content\/uploads\/2023\/02\/la-barraca-valencia-albufera-300x169.jpg 300w, https:\/\/damianzurowski.com\/wp-content\/uploads\/2023\/02\/la-barraca-valencia-albufera-768x432.jpg 768w, https:\/\/damianzurowski.com\/wp-content\/uploads\/2023\/02\/la-barraca-valencia-albufera-1536x864.jpg 1536w, https:\/\/damianzurowski.com\/wp-content\/uploads\/2023\/02\/la-barraca-valencia-albufera.jpg 2000w\" sizes=\"auto, (max-width: 1024px) 100vw, 1024px\" \/><figcaption class=\"wp-element-caption\">La Barraca<\/figcaption><\/figure>\n\n\n\n<h2 class=\"wp-block-heading\">26. Mas\u00eda Ni\u00f1erola<\/h2>\n\n\n\n<p><a href=\"https:\/\/cateringyeventosnoray.com\/project\/masia-ninerola\" target=\"_blank\" rel=\"noreferrer noopener nofollow\">Mas\u00eda Ni\u00f1erola<\/a> es un lugar \u00fanico para celebrar bodas en una de las fincas m\u00e1s grandes de la comunidad valenciana. Con un ambiente \u00edntimo y personalizado, rodeado de naturaleza, es el lugar perfecto para una celebraci\u00f3n m\u00e1gica e inolvidable. El gran sal\u00f3n con vistas a los jardines y al patio principal ajardinado es climatizado y equipado con todo lo necesario para que el d\u00eda sea perfecto.<\/p>\n\n\n\n<figure class=\"wp-block-image size-large\"><img loading=\"lazy\" decoding=\"async\" width=\"1024\" height=\"680\" src=\"https:\/\/damianzurowski.com\/wp-content\/uploads\/2023\/02\/masia-ninerola-1024x680.jpg\" alt=\"\" class=\"wp-image-3308\" srcset=\"https:\/\/damianzurowski.com\/wp-content\/uploads\/2023\/02\/masia-ninerola-1024x680.jpg 1024w, https:\/\/damianzurowski.com\/wp-content\/uploads\/2023\/02\/masia-ninerola-300x199.jpg 300w, https:\/\/damianzurowski.com\/wp-content\/uploads\/2023\/02\/masia-ninerola-768x510.jpg 768w, https:\/\/damianzurowski.com\/wp-content\/uploads\/2023\/02\/masia-ninerola.jpg 1220w\" sizes=\"auto, (max-width: 1024px) 100vw, 1024px\" \/><figcaption class=\"wp-element-caption\">Mas\u00eda Ni\u00f1erola<\/figcaption><\/figure>\n\n\n\n<h2 class=\"wp-block-heading\">27. Mas\u00eda del Carmen<\/h2>\n\n\n\n<p><a href=\"https:\/\/gourmetcatering.es\/en\/weddings\/masia-del-carmen\" target=\"_blank\" rel=\"noreferrer noopener nofollow\">Masia del Carmen<\/a> es un lugar para celebrar bodas situado en plena naturaleza a s\u00f3lo 10 minutos de Valencia. La mas\u00eda data del siglo XVIII y conserva su esplendor de esa \u00e9poca, lo que la convierte en un espacio ideal para aquellos que buscan un entorno natural para su boda. La gesti\u00f3n de la mas\u00eda est\u00e1 en manos de Gourmet Catering &amp; Espacios.<\/p>\n\n\n\n<p>Masia del Carmen es el lugar perfecto para aquellos que buscan una boda en un entorno natural y exclusivo, con servicios personalizados y gastronom\u00eda de calidad.<\/p>\n\n\n\n<figure class=\"wp-block-image size-large\"><img loading=\"lazy\" decoding=\"async\" width=\"1030\" height=\"644\" src=\"https:\/\/damianzurowski.com\/wp-content\/uploads\/2023\/02\/masia-del-carmen-exterior-edited.jpeg\" alt=\"\" class=\"wp-image-3241\" srcset=\"https:\/\/damianzurowski.com\/wp-content\/uploads\/2023\/02\/masia-del-carmen-exterior-edited.jpeg 1030w, https:\/\/damianzurowski.com\/wp-content\/uploads\/2023\/02\/masia-del-carmen-exterior-edited-300x188.jpeg 300w, https:\/\/damianzurowski.com\/wp-content\/uploads\/2023\/02\/masia-del-carmen-exterior-edited-1024x640.jpeg 1024w, https:\/\/damianzurowski.com\/wp-content\/uploads\/2023\/02\/masia-del-carmen-exterior-edited-768x480.jpeg 768w\" sizes=\"auto, (max-width: 1030px) 100vw, 1030px\" \/><figcaption class=\"wp-element-caption\">Mas\u00eda del Carmen<\/figcaption><\/figure>\n\n\n\n<h2 class=\"wp-block-heading\">28. Ca Pareja<\/h2>\n\n\n\n<p>Si est\u00e1s buscando un lugar para celebrar tu boda rodeado de naturaleza y un paisaje impresionante, deber\u00edas considerar <a href=\"https:\/\/www.grupo-alameda.com\/salones\/ca-pareja\/\" target=\"_blank\" rel=\"noreferrer noopener nofollow\">Ca Pareja<\/a>. Esta finca combina el encanto de la naturaleza con la comodidad y seguridad de un sal\u00f3n moderno y completamente equipado para bodas exigentes.<\/p>\n\n\n\n<p>El sal\u00f3n completamente acristalado te permitir\u00e1 disfrutar de la belleza de la finca en cualquier momento, ya sea durante el d\u00eda o bajo la luz de la luna. Adem\u00e1s, gracias a su paisaje mediterr\u00e1neo y jardines impresionantes, Ca Pareja es una opci\u00f3n perfecta para celebrar bodas en cualquier \u00e9poca del a\u00f1o. No importa si prefieres la luz del sol o la magia de la noche, aqu\u00ed podr\u00e1s encontrar el entorno perfecto para tu boda.<\/p>\n\n\n\n<figure class=\"wp-block-image size-large\"><img loading=\"lazy\" decoding=\"async\" width=\"1024\" height=\"680\" src=\"https:\/\/damianzurowski.com\/wp-content\/uploads\/2023\/02\/ca-pareja-1024x680.jpg\" alt=\"\" class=\"wp-image-3310\" srcset=\"https:\/\/damianzurowski.com\/wp-content\/uploads\/2023\/02\/ca-pareja-1024x680.jpg 1024w, https:\/\/damianzurowski.com\/wp-content\/uploads\/2023\/02\/ca-pareja-300x199.jpg 300w, https:\/\/damianzurowski.com\/wp-content\/uploads\/2023\/02\/ca-pareja-768x510.jpg 768w, https:\/\/damianzurowski.com\/wp-content\/uploads\/2023\/02\/ca-pareja.jpg 1220w\" sizes=\"auto, (max-width: 1024px) 100vw, 1024px\" \/><\/figure>\n\n\n\n<h2 class=\"wp-block-heading\">29. Villa Delia<\/h2>\n\n\n\n<p><a href=\"https:\/\/www.instagram.com\/villadelia\/?hl=en\" target=\"_blank\" rel=\"noreferrer noopener\">Villa Delia<\/a> es una espectacular finca privada situada en Picanya, a 20 minutos de Valencia, rodeada de un extenso jard\u00edn y combinando elementos del barroco con detalles de los jardines ingleses. La finca alberga una casa se\u00f1orial de estilo neog\u00f3tico que fue edificada en 1829 y restaurada m\u00e1s tarde por la familia Barral Navarro, manteniendo su encanto natural y su identidad. <\/p>\n\n\n\n<p>Villa Delia cuenta con una capilla, un porche para la celebraci\u00f3n de bodas y un patio interior en caso de lluvia. El jard\u00edn es uno de los lugares con m\u00e1s encanto, con un estanque de bamb\u00fa y nen\u00fafares y un bosque con varias especies. Adem\u00e1s, dispone de una amplia zona de c\u00e9sped artificial para banquetes al aire libre con capacidad para hasta 300 personas. Tambi\u00e9n cuenta con dos espacios para la barra libre y el baile, una zona chill-out y 2 zonas para oficiar enlaces en un entorno \u00fanico. En el a\u00f1o 2013 se construy\u00f3 un sal\u00f3n acristalado de 450 metros cuadrados con capacidad m\u00e1xima de 300 personas y con vistas al jard\u00edn. <\/p>\n\n\n\n<figure class=\"wp-block-image size-large\"><img loading=\"lazy\" decoding=\"async\" width=\"1024\" height=\"680\" src=\"https:\/\/damianzurowski.com\/wp-content\/uploads\/2023\/02\/villa-delia-1-1024x680.jpg\" alt=\"\" class=\"wp-image-3314\" srcset=\"https:\/\/damianzurowski.com\/wp-content\/uploads\/2023\/02\/villa-delia-1-1024x680.jpg 1024w, https:\/\/damianzurowski.com\/wp-content\/uploads\/2023\/02\/villa-delia-1-300x199.jpg 300w, https:\/\/damianzurowski.com\/wp-content\/uploads\/2023\/02\/villa-delia-1-768x510.jpg 768w, https:\/\/damianzurowski.com\/wp-content\/uploads\/2023\/02\/villa-delia-1.jpg 1220w\" sizes=\"auto, (max-width: 1024px) 100vw, 1024px\" \/><figcaption class=\"wp-element-caption\">Villa Delia<\/figcaption><\/figure>\n\n\n\n<h2 class=\"wp-block-heading\">30. Restaurante Duna<\/h2>\n\n\n\n<p>Restaurante Duna es un espacio elegante y moderno situado en primera l\u00ednea de playa, perfecto para la celebraci\u00f3n de bodas m\u00e1s peque\u00f1as. La decoraci\u00f3n es minimalista y elegante, con un estilo sobrio y una atm\u00f3sfera de pureza y tranquilidad. El paquete de servicios incluye la ornamentaci\u00f3n de los espacios, transporte de los invitados, entretenimiento musical y infantil y el servicio de protocolo. La gastronom\u00eda del Duna combina la cocina tradicional local con ingredientes y preparaciones de todo el mundo. <\/p>\n\n\n\n<p>No nos vamos a enga\u00f1ar, \u00bfa qui\u00e9n no le gustar\u00eda casarse con el mar Mediterraneo al fondo?<\/p>\n\n\n\n<figure class=\"wp-block-image size-large is-resized\"><img loading=\"lazy\" decoding=\"async\" width=\"1024\" height=\"680\" src=\"https:\/\/damianzurowski.com\/wp-content\/uploads\/2023\/02\/restaurante-duna-boda-1-1024x680.jpg\" alt=\"\" class=\"wp-image-3284\" style=\"width:900px;height:597px\" srcset=\"https:\/\/damianzurowski.com\/wp-content\/uploads\/2023\/02\/restaurante-duna-boda-1-1024x680.jpg 1024w, https:\/\/damianzurowski.com\/wp-content\/uploads\/2023\/02\/restaurante-duna-boda-1-300x199.jpg 300w, https:\/\/damianzurowski.com\/wp-content\/uploads\/2023\/02\/restaurante-duna-boda-1-768x510.jpg 768w, https:\/\/damianzurowski.com\/wp-content\/uploads\/2023\/02\/restaurante-duna-boda-1.jpg 1220w\" sizes=\"auto, (max-width: 1024px) 100vw, 1024px\" \/><figcaption class=\"wp-element-caption\">Restaurante Duna<\/figcaption><\/figure>\n\n\n\n<h2 class=\"wp-block-heading\">Conclusiones<\/h2>\n\n\n\n<p>Desde mas\u00edas tradicionales hasta espacios m\u00e1s modernos y vanguardistas, cada una de ellas cuenta con su propio encanto y car\u00e1cter \u00fanico que la hacen ideal para diferentes gustos y estilos. Recuerdate, que elegir bien el sitio es una de las decisiones m\u00e1s importantes en la planificaci\u00f3n de tu boda. <\/p>\n\n\n\n<p>Ya que tengas el sitio, siguiente paso es elegir a <a href=\"https:\/\/damianzurowski.com\/\" target=\"_blank\" rel=\"noreferrer noopener nofollow\">fot\u00f3grafo de tu boda.<\/a> Elige a un profesional que captar\u00e1 bien la belleza de cualquier sitio que vas a elegir.<\/p>\n\n\n\n<p>Si buscas m\u00e1s inspiraciones para los sitios preciosos para casarte en la costa mediterranea, lee mi \u00e1rticulo sobre <a href=\"https:\/\/damianzurowski.com\/masias-y-fincas-para-bodas-en-valencia\/\">las mejores fincas y mas\u00edas para bodas en Barcelona<\/a> o <a href=\"https:\/\/damianzurowski.com\/los-10-mejores-fincas-para-bodas-en-mallorca\/\">las mejores fincas para bodas en Mallorca<\/a>.<\/p>\n","protected":false},"excerpt":{"rendered":"<p>Las 30 mejores mas\u00edas y fincas para bodas en Valencia Si est\u00e1s buscando el lugar perfecto para celebrar tu boda en Valencia, est\u00e1s en el lugar correcto. Tras a\u00f1os de experiencia en el sector he recopilado las 30 mejores mas\u00edas de bodas en Valencia para que puedas elegir la que mejor se adapte a tus&#8230;<\/p>\n","protected":false},"author":1,"featured_media":3326,"comment_status":"closed","ping_status":"closed","sticky":false,"template":"","format":"standard","meta":{"ub_ctt_via":"","wds_primary_category":0,"footnotes":""},"categories":[33],"tags":[],"class_list":["post-3219","post","type-post","status-publish","format-standard","has-post-thumbnail","hentry","category-salones-boda"],"fbg_featured_image_src":{"full":["https:\/\/damianzurowski.com\/wp-content\/uploads\/2023\/02\/masias-y-fincas-bodas-valencia-scaled.jpeg",2560,1707,false],"thumbnail":["https:\/\/damianzurowski.com\/wp-content\/uploads\/2023\/02\/masias-y-fincas-bodas-valencia-150x150.jpeg",150,150,true],"medium":["https:\/\/damianzurowski.com\/wp-content\/uploads\/2023\/02\/masias-y-fincas-bodas-valencia-300x200.jpeg",300,200,true],"medium_large":["https:\/\/damianzurowski.com\/wp-content\/uploads\/2023\/02\/masias-y-fincas-bodas-valencia-768x512.jpeg",640,427,true],"large":["https:\/\/damianzurowski.com\/wp-content\/uploads\/2023\/02\/masias-y-fincas-bodas-valencia-1024x683.jpeg",640,427,true],"1536x1536":["https:\/\/damianzurowski.com\/wp-content\/uploads\/2023\/02\/masias-y-fincas-bodas-valencia-1536x1024.jpeg",1536,1024,true],"2048x2048":["https:\/\/damianzurowski.com\/wp-content\/uploads\/2023\/02\/masias-y-fincas-bodas-valencia-2048x1365.jpeg",2048,1365,true]},"fbg_excerpt":"Las 30 mejores mas\u00edas y fincas para bodas en Valencia Si est\u00e1s buscando el lugar perfecto para celebrar tu boda en Valencia, est\u00e1s en el lugar correcto. Tras a\u00f1os de experiencia en el sector he recopilado las 30 mejores mas\u00edas de bodas en Valencia para que puedas elegir la que mejor se adapte a tus...","featured_image_src":"https:\/\/damianzurowski.com\/wp-content\/uploads\/2023\/02\/masias-y-fincas-bodas-valencia-scaled.jpeg","author_info":{"display_name":"zurowski","author_link":"https:\/\/damianzurowski.com\/es\/author\/zurowski\/"},"_links":{"self":[{"href":"https:\/\/damianzurowski.com\/es\/wp-json\/wp\/v2\/posts\/3219","targetHints":{"allow":["GET"]}}],"collection":[{"href":"https:\/\/damianzurowski.com\/es\/wp-json\/wp\/v2\/posts"}],"about":[{"href":"https:\/\/damianzurowski.com\/es\/wp-json\/wp\/v2\/types\/post"}],"author":[{"embeddable":true,"href":"https:\/\/damianzurowski.com\/es\/wp-json\/wp\/v2\/users\/1"}],"replies":[{"embeddable":true,"href":"https:\/\/damianzurowski.com\/es\/wp-json\/wp\/v2\/comments?post=3219"}],"version-history":[{"count":31,"href":"https:\/\/damianzurowski.com\/es\/wp-json\/wp\/v2\/posts\/3219\/revisions"}],"predecessor-version":[{"id":9850,"href":"https:\/\/damianzurowski.com\/es\/wp-json\/wp\/v2\/posts\/3219\/revisions\/9850"}],"wp:featuredmedia":[{"embeddable":true,"href":"https:\/\/damianzurowski.com\/es\/wp-json\/wp\/v2\/media\/3326"}],"wp:attachment":[{"href":"https:\/\/damianzurowski.com\/es\/wp-json\/wp\/v2\/media?parent=3219"}],"wp:term":[{"taxonomy":"category","embeddable":true,"href":"https:\/\/damianzurowski.com\/es\/wp-json\/wp\/v2\/categories?post=3219"},{"taxonomy":"post_tag","embeddable":true,"href":"https:\/\/damianzurowski.com\/es\/wp-json\/wp\/v2\/tags?post=3219"}],"curies":[{"name":"wp","href":"https:\/\/api.w.org\/{rel}","templated":true}]}}